	{"id":3783,"date":"2025-11-26T09:13:13","date_gmt":"2025-11-26T12:13:13","guid":{"rendered":"https:\/\/educacao.sme.prefeitura.sp.gov.br\/cdep\/?p=3783"},"modified":"2025-12-01T08:18:48","modified_gmt":"2025-12-01T11:18:48","slug":"exposicao-permanente-do-mem-reabre-para-o-publico","status":"publish","type":"post","link":"https:\/\/educacao.sme.prefeitura.sp.gov.br\/cdep\/exposicao-permanente-do-mem-reabre-para-o-publico\/","title":{"rendered":"Exposi\u00e7\u00e3o Permanente do MEM reabre para visita\u00e7\u00e3o"},"content":{"rendered":"<p class=\"x_elementToProof\">O Memorial da Educa\u00e7\u00e3o Municipal\u00a0 &#8211; MEM, no dia 14 de novembro de 2025, reabriu a exposi\u00e7\u00e3o permanente \u201cMem\u00f3rias da Educa\u00e7\u00e3o Paulistana\u201d. O espa\u00e7o \u00e9 dedicado \u00e0 preserva\u00e7\u00e3o da hist\u00f3ria da Rede Municipal de Ensino &#8211; RME e convida visitantes a refletirem sobre seus percursos, reunindo objetos, documentos e registros que revelam mem\u00f3rias individuais e coletivas.<\/p>\n<p class=\"x_elementToProof\">Com 30 anos de atua\u00e7\u00e3o, o MEM preserva itens doados por Unidades Educacionais, servidores e ex-estudantes, organizados por temas, como arquitetura, alimenta\u00e7\u00e3o, m\u00fasica e sala de aula. Entre os destaques est\u00e1 a Linha do Tempo da Educa\u00e7\u00e3o Paulistana, que retrata momentos marcantes da trajet\u00f3ria da RME, complementada por acervos fotogr\u00e1ficos e tridimensionais.<\/p>\n<p class=\"x_elementToProof\">A cerim\u00f4nia de reabertura aconteceu no audit\u00f3rio do Centro de Forma\u00e7\u00e3o de Professores &#8211; CEFORP, com apresenta\u00e7\u00e3o cultural e falas de autoridades da Secretaria Municipal de Educa\u00e7\u00e3o e Secretaria Municipal de Gest\u00e3o. Os convidados, representantes de institui\u00e7\u00f5es parceiras e da pr\u00f3pria RME participaram de visita mediada \u00e0 exposi\u00e7\u00e3o e assistiram ao document\u00e1rio \u201c90 anos da Educa\u00e7\u00e3o Infantil \u2013 dos Parques \u00e0s EMEIs\u201d.<\/p>\n<p class=\"x_elementToProof\">Al\u00e9m da exposi\u00e7\u00e3o permanente, o p\u00fablico tamb\u00e9m pode conferir a mostra tempor\u00e1ria \u201cParques Infantis \u2013 esta hist\u00f3ria come\u00e7a aqui\u201d, que apresenta fotografias e objetos sobre o primeiro servi\u00e7o de aten\u00e7\u00e3o \u00e0 inf\u00e2ncia oferecido pela Cidade de S\u00e3o Paulo.<\/p>\n<p><a href=\"https:\/\/educacao.sme.prefeitura.sp.gov.br\/cdep\/educativo\/\">Clique aqui e agende a sua visita!<\/a><\/p>\n","protected":false},"excerpt":{"rendered":"O Memorial da Educa\u00e7\u00e3o Municipal\u00a0 &#8211; MEM, no dia 14 de novembro de 2025, reabriu a exposi\u00e7\u00e3o permanente \u201cMem\u00f3rias da [&hellip;]","protected":false},"author":1,"featured_media":3782,"comment_status":"open","ping_status":"open","sticky":false,"template":"","format":"standard","meta":{"_acf_changed":false,"footnotes":""},"categories":[18],"tags":[],"class_list":["post-3783","post","type-post","status-publish","format-standard","has-post-thumbnail","hentry","category-acao-formativa"],"acf":[],"_links":{"self":[{"href":"https:\/\/educacao.sme.prefeitura.sp.gov.br\/cdep\/wp-json\/wp\/v2\/posts\/3783","targetHints":{"allow":["GET"]}}],"collection":[{"href":"https:\/\/educacao.sme.prefeitura.sp.gov.br\/cdep\/wp-json\/wp\/v2\/posts"}],"about":[{"href":"https:\/\/educacao.sme.prefeitura.sp.gov.br\/cdep\/wp-json\/wp\/v2\/types\/post"}],"author":[{"embeddable":true,"href":"https:\/\/educacao.sme.prefeitura.sp.gov.br\/cdep\/wp-json\/wp\/v2\/users\/1"}],"replies":[{"embeddable":true,"href":"https:\/\/educacao.sme.prefeitura.sp.gov.br\/cdep\/wp-json\/wp\/v2\/comments?post=3783"}],"version-history":[{"count":6,"href":"https:\/\/educacao.sme.prefeitura.sp.gov.br\/cdep\/wp-json\/wp\/v2\/posts\/3783\/revisions"}],"predecessor-version":[{"id":3798,"href":"https:\/\/educacao.sme.prefeitura.sp.gov.br\/cdep\/wp-json\/wp\/v2\/posts\/3783\/revisions\/3798"}],"wp:featuredmedia":[{"embeddable":true,"href":"https:\/\/educacao.sme.prefeitura.sp.gov.br\/cdep\/wp-json\/wp\/v2\/media\/3782"}],"wp:attachment":[{"href":"https:\/\/educacao.sme.prefeitura.sp.gov.br\/cdep\/wp-json\/wp\/v2\/media?parent=3783"}],"wp:term":[{"taxonomy":"category","embeddable":true,"href":"https:\/\/educacao.sme.prefeitura.sp.gov.br\/cdep\/wp-json\/wp\/v2\/categories?post=3783"},{"taxonomy":"post_tag","embeddable":true,"href":"https:\/\/educacao.sme.prefeitura.sp.gov.br\/cdep\/wp-json\/wp\/v2\/tags?post=3783"}],"curies":[{"name":"wp","href":"https:\/\/api.w.org\/{rel}","templated":true}]}}