	{"id":3340,"date":"2025-07-17T08:59:25","date_gmt":"2025-07-17T11:59:25","guid":{"rendered":"https:\/\/educacao.sme.prefeitura.sp.gov.br\/cdep\/?p=3340"},"modified":"2025-11-26T09:22:37","modified_gmt":"2025-11-26T12:22:37","slug":"projeto-historia-oral","status":"publish","type":"post","link":"https:\/\/educacao.sme.prefeitura.sp.gov.br\/cdep\/projeto-historia-oral\/","title":{"rendered":"Projeto Hist\u00f3ria Oral"},"content":{"rendered":"<p>O Memorial da Educa\u00e7\u00e3o Municipal \u2013 MEM \u00e9 respons\u00e1vel pelo Projeto Hist\u00f3ria Oral desde a d\u00e9cada de 1990. O acervo \u00e9 composto por depoimentos de atores que participaram ativamente de diferentes momentos hist\u00f3ricos da educa\u00e7\u00e3o do Munic\u00edpio de S\u00e3o Paulo.<\/p>\n<p>Cada v\u00eddeo do acervo \u00e9 um documento em que a hist\u00f3ria tem\u00e1tica perpassa a hist\u00f3ria de vida de cada entrevistado, constituindo-se em fonte documental dispon\u00edvel para pesquisa.<\/p>\n<p>Diversos temas relacionados \u00e0 educa\u00e7\u00e3o s\u00e3o tratados, como Inform\u00e1tica Educativa, Educomunica\u00e7\u00e3o, Bandas e Fanfarras, Mamulengo, Parques Infantis, Academia Estudantil de Letras, Projeto Leitura\u00e7o!, Sala de Leitura, Centros de Educa\u00e7\u00e3o e Cultura Ind\u00edgena \u2013 CECIs, Centros Municipais de Capacita\u00e7\u00e3o e Treinamento \u2013 CMCTs, entre outros, e podem ser estudados juntamente com documentos textuais produzidos pela Secretaria Municipal de Educa\u00e7\u00e3o, como forma de enriquecer as pesquisas.<\/p>\n<p>Consulte os registros audiovisuais na p\u00e1gina do <a href=\"https:\/\/educacao.sme.prefeitura.sp.gov.br\/centro-de-multimeios\/memorial-da-educacao-municipal\/historia-oral\/\">Projeto Hist\u00f3ria Oral.<\/a><\/p>\n<p>&nbsp;<\/p>\n","protected":false},"excerpt":{"rendered":"O Memorial da Educa\u00e7\u00e3o Municipal \u2013 MEM \u00e9 respons\u00e1vel pelo Projeto Hist\u00f3ria Oral desde a d\u00e9cada de 1990. O acervo [&hellip;]","protected":false},"author":1,"featured_media":3350,"comment_status":"open","ping_status":"open","sticky":false,"template":"","format":"standard","meta":{"_acf_changed":false,"footnotes":""},"categories":[17],"tags":[],"class_list":["post-3340","post","type-post","status-publish","format-standard","has-post-thumbnail","hentry","category-projeto"],"acf":[],"_links":{"self":[{"href":"https:\/\/educacao.sme.prefeitura.sp.gov.br\/cdep\/wp-json\/wp\/v2\/posts\/3340","targetHints":{"allow":["GET"]}}],"collection":[{"href":"https:\/\/educacao.sme.prefeitura.sp.gov.br\/cdep\/wp-json\/wp\/v2\/posts"}],"about":[{"href":"https:\/\/educacao.sme.prefeitura.sp.gov.br\/cdep\/wp-json\/wp\/v2\/types\/post"}],"author":[{"embeddable":true,"href":"https:\/\/educacao.sme.prefeitura.sp.gov.br\/cdep\/wp-json\/wp\/v2\/users\/1"}],"replies":[{"embeddable":true,"href":"https:\/\/educacao.sme.prefeitura.sp.gov.br\/cdep\/wp-json\/wp\/v2\/comments?post=3340"}],"version-history":[{"count":13,"href":"https:\/\/educacao.sme.prefeitura.sp.gov.br\/cdep\/wp-json\/wp\/v2\/posts\/3340\/revisions"}],"predecessor-version":[{"id":3792,"href":"https:\/\/educacao.sme.prefeitura.sp.gov.br\/cdep\/wp-json\/wp\/v2\/posts\/3340\/revisions\/3792"}],"wp:featuredmedia":[{"embeddable":true,"href":"https:\/\/educacao.sme.prefeitura.sp.gov.br\/cdep\/wp-json\/wp\/v2\/media\/3350"}],"wp:attachment":[{"href":"https:\/\/educacao.sme.prefeitura.sp.gov.br\/cdep\/wp-json\/wp\/v2\/media?parent=3340"}],"wp:term":[{"taxonomy":"category","embeddable":true,"href":"https:\/\/educacao.sme.prefeitura.sp.gov.br\/cdep\/wp-json\/wp\/v2\/categories?post=3340"},{"taxonomy":"post_tag","embeddable":true,"href":"https:\/\/educacao.sme.prefeitura.sp.gov.br\/cdep\/wp-json\/wp\/v2\/tags?post=3340"}],"curies":[{"name":"wp","href":"https:\/\/api.w.org\/{rel}","templated":true}]}}