	{"id":3190,"date":"2025-05-23T12:54:20","date_gmt":"2025-05-23T15:54:20","guid":{"rendered":"https:\/\/educacao.sme.prefeitura.sp.gov.br\/cdep\/?p=3190"},"modified":"2025-06-05T14:57:59","modified_gmt":"2025-06-05T17:57:59","slug":"celebracao-30-anos-do-mem","status":"publish","type":"post","link":"https:\/\/educacao.sme.prefeitura.sp.gov.br\/cdep\/celebracao-30-anos-do-mem\/","title":{"rendered":"Celebra\u00e7\u00e3o 30 anos do Memorial da Educa\u00e7\u00e3o Municipal &#8211; MEM"},"content":{"rendered":"<p style=\"padding-left: 40px;\">O Memorial da Educa\u00e7\u00e3o Municipal &#8211; MEM comemora 30 anos em 2025. A institui\u00e7\u00e3o realiza a guarda e a preserva\u00e7\u00e3o de acervos que contam a hist\u00f3ria da Educa\u00e7\u00e3o Paulistana.<\/p>\n<p style=\"padding-left: 40px;\">O p\u00fablico interessado pode conhecer, entre os diversos materiais de valor hist\u00f3rico que o MEM custodia, os acervos tridimensional e fotogr\u00e1fico, al\u00e9m da cole\u00e7\u00e3o de audiovisual que comporta relatos de atores da Educa\u00e7\u00e3o da cidade participantes do Projeto Hist\u00f3ria Oral.<\/p>\n<p style=\"padding-left: 40px;\">Com patrim\u00f4nio material formado, entre outros, por objetos tridimensionais que fizeram parte do dia a dia das escolas a partir da d\u00e9cada de 1930, o MEM colabora com o resgate da mem\u00f3ria e oportuniza o estudo e a reflex\u00e3o acerca do processo educacional da Cidade de S\u00e3o Paulo, com o objetivo de difundir o conhecimento a partir dos acervos.<\/p>\n<p style=\"padding-left: 40px;\">O MEM conta ainda com uma cole\u00e7\u00e3o de Artes Gr\u00e1ficas composta por materiais de comunica\u00e7\u00e3o visual, reunidos a partir da d\u00e9cada de 1980, que foram utilizados pela Secretaria Municipal de Educa\u00e7\u00e3o no decorrer da hist\u00f3ria.<\/p>\n<p style=\"padding-left: 40px;\"><a href=\"https:\/\/cdep.sme.prefeitura.sp.gov.br\/consulta-acervo\">Clique aqui<\/a> para pesquisar os acervos e, caso necessite de informa\u00e7\u00f5es, envie e-mail para <a href=\"mailto:smecopedmemorialeducacao@sme.prefeitura.sp.gov.br\">smecopedmemorialeducacao@sme.prefeitura.sp.gov.br<\/a><\/p>\n<p style=\"padding-left: 80px;\">\n","protected":false},"excerpt":{"rendered":"O Memorial da Educa\u00e7\u00e3o Municipal &#8211; MEM comemora 30 anos em 2025. A institui\u00e7\u00e3o realiza a guarda e a preserva\u00e7\u00e3o [&hellip;]","protected":false},"author":1,"featured_media":3204,"comment_status":"open","ping_status":"open","sticky":false,"template":"","format":"standard","meta":{"_acf_changed":false,"footnotes":""},"categories":[19],"tags":[],"class_list":["post-3190","post","type-post","status-publish","format-standard","has-post-thumbnail","hentry","category-acervo"],"acf":[],"_links":{"self":[{"href":"https:\/\/educacao.sme.prefeitura.sp.gov.br\/cdep\/wp-json\/wp\/v2\/posts\/3190","targetHints":{"allow":["GET"]}}],"collection":[{"href":"https:\/\/educacao.sme.prefeitura.sp.gov.br\/cdep\/wp-json\/wp\/v2\/posts"}],"about":[{"href":"https:\/\/educacao.sme.prefeitura.sp.gov.br\/cdep\/wp-json\/wp\/v2\/types\/post"}],"author":[{"embeddable":true,"href":"https:\/\/educacao.sme.prefeitura.sp.gov.br\/cdep\/wp-json\/wp\/v2\/users\/1"}],"replies":[{"embeddable":true,"href":"https:\/\/educacao.sme.prefeitura.sp.gov.br\/cdep\/wp-json\/wp\/v2\/comments?post=3190"}],"version-history":[{"count":22,"href":"https:\/\/educacao.sme.prefeitura.sp.gov.br\/cdep\/wp-json\/wp\/v2\/posts\/3190\/revisions"}],"predecessor-version":[{"id":3269,"href":"https:\/\/educacao.sme.prefeitura.sp.gov.br\/cdep\/wp-json\/wp\/v2\/posts\/3190\/revisions\/3269"}],"wp:featuredmedia":[{"embeddable":true,"href":"https:\/\/educacao.sme.prefeitura.sp.gov.br\/cdep\/wp-json\/wp\/v2\/media\/3204"}],"wp:attachment":[{"href":"https:\/\/educacao.sme.prefeitura.sp.gov.br\/cdep\/wp-json\/wp\/v2\/media?parent=3190"}],"wp:term":[{"taxonomy":"category","embeddable":true,"href":"https:\/\/educacao.sme.prefeitura.sp.gov.br\/cdep\/wp-json\/wp\/v2\/categories?post=3190"},{"taxonomy":"post_tag","embeddable":true,"href":"https:\/\/educacao.sme.prefeitura.sp.gov.br\/cdep\/wp-json\/wp\/v2\/tags?post=3190"}],"curies":[{"name":"wp","href":"https:\/\/api.w.org\/{rel}","templated":true}]}}