	{"id":2363,"date":"2025-05-21T10:55:54","date_gmt":"2025-05-21T13:55:54","guid":{"rendered":"https:\/\/educacao.sme.prefeitura.sp.gov.br\/cdep\/?p=2363"},"modified":"2025-05-21T15:54:12","modified_gmt":"2025-05-21T18:54:12","slug":"os-parque-infantis-de-sao-paulo-no-acervo-da-memoria-documental","status":"publish","type":"post","link":"https:\/\/educacao.sme.prefeitura.sp.gov.br\/cdep\/os-parque-infantis-de-sao-paulo-no-acervo-da-memoria-documental\/","title":{"rendered":"Os Parques Infantis de S\u00e3o Paulo no acervo da Mem\u00f3ria Documental da SME"},"content":{"rendered":"<p style=\"padding-left: 40px;\"><span data-contrast=\"auto\">A Mem\u00f3ria Documental &#8211; MD, da Secretaria Municipal de Educa\u00e7\u00e3o &#8211; SME, traz \u00e0 luz um importante documento hist\u00f3rico que revela fragmentos das pol\u00edticas p\u00fablicas de recrea\u00e7\u00e3o infantil e esportiva em S\u00e3o Paulo durante a d\u00e9cada de 1930. <\/span><span data-contrast=\"none\">Embora o acervo da Mem\u00f3ria Documental n\u00e3o seja constitu\u00eddo por materiais de cunho legal<\/span><span data-contrast=\"auto\">, o documento &#8220;Legisla\u00e7\u00e3o dos Parques Infantis\u201d \u00e9 um dos destaques, por ser um compilado de leis com expressivo interesse dos pesquisadores.<\/span><\/p>\n<p style=\"padding-left: 40px;\"><span data-contrast=\"auto\">Produzido pela Divis\u00e3o de Educa\u00e7\u00e3o e Recreio, do Departamento de Cultura da cidade, em 1936, o material foi criado para atender \u00e0s solicita\u00e7\u00f5es de consulta \u00e0s leis que regiam os Parques Infantis de S\u00e3o Paulo. O documento apresenta atos para a cria\u00e7\u00e3o e organiza\u00e7\u00e3o dos servi\u00e7os municipais de recrea\u00e7\u00e3o, entre eles o Ato n\u00ba 767, de 9 de janeiro de 1935, que institui o Servi\u00e7o Municipal de Jogos e Recreio para Crian\u00e7as, e o Ato n\u00ba 861, de 30 de maio de 1935, que formaliza a estrutura do Departamento de Cultura.<\/span><span data-ccp-props=\"{&quot;134233117&quot;:true,&quot;134233118&quot;:true,&quot;201341983&quot;:0,&quot;335551550&quot;:6,&quot;335551620&quot;:6,&quot;335559740&quot;:360}\">\u00a0<\/span><\/p>\n<p style=\"padding-left: 40px;\"><span class=\"NormalTextRun SCXW259077989 BCX0\" data-ccp-parastyle=\"Normal (Web)\">Esse material <\/span><span class=\"NormalTextRun SCXW259077989 BCX0\" data-ccp-parastyle=\"Normal (Web)\">est\u00e1 <a href=\"https:\/\/cdep.sme.prefeitura.sp.gov.br\/consulta-acervo\">dispon\u00edvel para consulta<\/a> no acervo da Mem\u00f3ria Documental da SME.<\/span><\/p>\n","protected":false},"excerpt":{"rendered":"A Mem\u00f3ria Documental &#8211; MD, da Secretaria Municipal de Educa\u00e7\u00e3o &#8211; SME, traz \u00e0 luz um importante documento hist\u00f3rico que [&hellip;]","protected":false},"author":1,"featured_media":3125,"comment_status":"open","ping_status":"open","sticky":false,"template":"","format":"standard","meta":{"_acf_changed":false,"footnotes":""},"categories":[19],"tags":[],"class_list":["post-2363","post","type-post","status-publish","format-standard","has-post-thumbnail","hentry","category-acervo"],"acf":[],"_links":{"self":[{"href":"https:\/\/educacao.sme.prefeitura.sp.gov.br\/cdep\/wp-json\/wp\/v2\/posts\/2363","targetHints":{"allow":["GET"]}}],"collection":[{"href":"https:\/\/educacao.sme.prefeitura.sp.gov.br\/cdep\/wp-json\/wp\/v2\/posts"}],"about":[{"href":"https:\/\/educacao.sme.prefeitura.sp.gov.br\/cdep\/wp-json\/wp\/v2\/types\/post"}],"author":[{"embeddable":true,"href":"https:\/\/educacao.sme.prefeitura.sp.gov.br\/cdep\/wp-json\/wp\/v2\/users\/1"}],"replies":[{"embeddable":true,"href":"https:\/\/educacao.sme.prefeitura.sp.gov.br\/cdep\/wp-json\/wp\/v2\/comments?post=2363"}],"version-history":[{"count":25,"href":"https:\/\/educacao.sme.prefeitura.sp.gov.br\/cdep\/wp-json\/wp\/v2\/posts\/2363\/revisions"}],"predecessor-version":[{"id":3115,"href":"https:\/\/educacao.sme.prefeitura.sp.gov.br\/cdep\/wp-json\/wp\/v2\/posts\/2363\/revisions\/3115"}],"wp:featuredmedia":[{"embeddable":true,"href":"https:\/\/educacao.sme.prefeitura.sp.gov.br\/cdep\/wp-json\/wp\/v2\/media\/3125"}],"wp:attachment":[{"href":"https:\/\/educacao.sme.prefeitura.sp.gov.br\/cdep\/wp-json\/wp\/v2\/media?parent=2363"}],"wp:term":[{"taxonomy":"category","embeddable":true,"href":"https:\/\/educacao.sme.prefeitura.sp.gov.br\/cdep\/wp-json\/wp\/v2\/categories?post=2363"},{"taxonomy":"post_tag","embeddable":true,"href":"https:\/\/educacao.sme.prefeitura.sp.gov.br\/cdep\/wp-json\/wp\/v2\/tags?post=2363"}],"curies":[{"name":"wp","href":"https:\/\/api.w.org\/{rel}","templated":true}]}}