	{"id":1950,"date":"2024-06-04T08:15:31","date_gmt":"2024-06-04T11:15:31","guid":{"rendered":"https:\/\/educacao.sme.prefeitura.sp.gov.br\/cdep\/?p=1950"},"modified":"2025-05-05T15:23:35","modified_gmt":"2025-05-05T18:23:35","slug":"brincadeiras-infantis-e-esculturas-se-entrelacam-na-exposicao-virtual-do-mem","status":"publish","type":"post","link":"https:\/\/educacao.sme.prefeitura.sp.gov.br\/cdep\/brincadeiras-infantis-e-esculturas-se-entrelacam-na-exposicao-virtual-do-mem\/","title":{"rendered":"Brincadeiras infantis e esculturas se entrela\u00e7am na exposi\u00e7\u00e3o virtual do Memorial da Educa\u00e7\u00e3o"},"content":{"rendered":"<p style=\"padding-left: 40px;\">Revisitando Mem\u00f3rias em Cenas Infantis re\u00fane algumas das imagens que foram tiradas na exposi\u00e7\u00e3o tem\u00e1tica das obras da artista pl\u00e1stica Sandra Guinle, que ocorreu no Memorial da Educa\u00e7\u00e3o Municipal, em 2005.\u00a0 As esculturas ficaram \u00e0 disposi\u00e7\u00e3o dos espectadores, e o MEM recebeu a visita de estudantes e educadores de diversas Unidades Educacionais, al\u00e9m de p\u00fablico externo \u00e0 Rede, que puderam, al\u00e9m de apreciar a exposi\u00e7\u00e3o, participar de uma oficina de desenho a carv\u00e3o.<\/p>\n<p style=\"padding-left: 40px;\">O resgate de brincadeiras e jogos populares, nas fotos arquivadas no acervo do MEM, em di\u00e1logo com esculturas em bronze resultou em uma sequ\u00eancia de imagens que estimulam as recorda\u00e7\u00f5es da inf\u00e2ncia e promovem uma viagem ao l\u00fadico.<\/p>\n<p style=\"padding-left: 40px;\"><a href=\"https:\/\/educacao.sme.prefeitura.sp.gov.br\/cdep\/wp-content\/uploads\/2024\/05\/Exposicao-virtual-revisitando-memorias-cenas-infantis.pdf\">Acesse aqui a exposi\u00e7\u00e3o virtual Revisitando Mem\u00f3rias em Cenas Infantis.<\/a><\/p>\n","protected":false},"excerpt":{"rendered":"Revisitando Mem\u00f3rias em Cenas Infantis re\u00fane algumas das imagens que foram tiradas na exposi\u00e7\u00e3o tem\u00e1tica das obras da artista pl\u00e1stica [&hellip;]","protected":false},"author":1,"featured_media":3097,"comment_status":"open","ping_status":"open","sticky":false,"template":"","format":"standard","meta":{"_acf_changed":false,"footnotes":""},"categories":[16],"tags":[],"class_list":["post-1950","post","type-post","status-publish","format-standard","has-post-thumbnail","hentry","category-exposicao-virtual"],"acf":[],"_links":{"self":[{"href":"https:\/\/educacao.sme.prefeitura.sp.gov.br\/cdep\/wp-json\/wp\/v2\/posts\/1950","targetHints":{"allow":["GET"]}}],"collection":[{"href":"https:\/\/educacao.sme.prefeitura.sp.gov.br\/cdep\/wp-json\/wp\/v2\/posts"}],"about":[{"href":"https:\/\/educacao.sme.prefeitura.sp.gov.br\/cdep\/wp-json\/wp\/v2\/types\/post"}],"author":[{"embeddable":true,"href":"https:\/\/educacao.sme.prefeitura.sp.gov.br\/cdep\/wp-json\/wp\/v2\/users\/1"}],"replies":[{"embeddable":true,"href":"https:\/\/educacao.sme.prefeitura.sp.gov.br\/cdep\/wp-json\/wp\/v2\/comments?post=1950"}],"version-history":[{"count":5,"href":"https:\/\/educacao.sme.prefeitura.sp.gov.br\/cdep\/wp-json\/wp\/v2\/posts\/1950\/revisions"}],"predecessor-version":[{"id":1955,"href":"https:\/\/educacao.sme.prefeitura.sp.gov.br\/cdep\/wp-json\/wp\/v2\/posts\/1950\/revisions\/1955"}],"wp:featuredmedia":[{"embeddable":true,"href":"https:\/\/educacao.sme.prefeitura.sp.gov.br\/cdep\/wp-json\/wp\/v2\/media\/3097"}],"wp:attachment":[{"href":"https:\/\/educacao.sme.prefeitura.sp.gov.br\/cdep\/wp-json\/wp\/v2\/media?parent=1950"}],"wp:term":[{"taxonomy":"category","embeddable":true,"href":"https:\/\/educacao.sme.prefeitura.sp.gov.br\/cdep\/wp-json\/wp\/v2\/categories?post=1950"},{"taxonomy":"post_tag","embeddable":true,"href":"https:\/\/educacao.sme.prefeitura.sp.gov.br\/cdep\/wp-json\/wp\/v2\/tags?post=1950"}],"curies":[{"name":"wp","href":"https:\/\/api.w.org\/{rel}","templated":true}]}}