	{"id":1791,"date":"2024-06-04T08:05:21","date_gmt":"2024-06-04T11:05:21","guid":{"rendered":"https:\/\/educacao.sme.prefeitura.sp.gov.br\/cdep\/?p=1791"},"modified":"2024-06-04T10:53:28","modified_gmt":"2024-06-04T13:53:28","slug":"criancas-guarani-mbya","status":"publish","type":"post","link":"https:\/\/educacao.sme.prefeitura.sp.gov.br\/cdep\/criancas-guarani-mbya\/","title":{"rendered":"Crian\u00e7as Guarani Mby\u00e1 nos CECIs Jaragu\u00e1, Krukutu e Tenond\u00e9 Por\u00e3"},"content":{"rendered":"<p style=\"padding-left: 40px;\">Exposi\u00e7\u00e3o virtual realizada pelo Memorial da Educa\u00e7\u00e3o Municipal \u2013 MEM com a tem\u00e1tica Crian\u00e7as Guarani Mby\u00e1. A mostra \u00e9 composta por 85 imagens pertencentes ao acervo\u00a0do Memorial, captadas no per\u00edodo de 2004 a 2017 nos CEIIs\/CECIs Jaragu\u00e1, Krukutu e Tenond\u00e9 Por\u00e3.<\/p>\n<p style=\"padding-left: 40px;\">Os Centros de Educa\u00e7\u00e3o Infantil Ind\u00edgena CEIIs, vinculados aos Centros de Educa\u00e7\u00e3o e Cultura Ind\u00edgena CECIs, s\u00e3o Unidades Educacionais da Rede Municipal de Ensino de S\u00e3o Paulo que atendem crian\u00e7as Guarani Mby\u00e1 de 0 a 5 anos e 11 meses de idade, e tem como objetivo o amplo fortalecimento da identidade \u00e9tnica presente no modo de ser e de vida Guarani Mby\u00e1.<\/p>\n<p style=\"padding-left: 40px;\">Os CECIs t\u00eam como proposta fundamental preservar as ra\u00edzes, as tradi\u00e7\u00f5es e a autonomia dos Guarani Mby\u00e1, pautando-se nos ensinamentos tradicionais dos mais velhos, s\u00e1bios da aldeia, na compreens\u00e3o e, principalmente, no respeito \u00e0 diversidade \u00e9tnica e cultural existente.<\/p>\n<p style=\"padding-left: 40px;\"><a href=\"https:\/\/educacao.sme.prefeitura.sp.gov.br\/cdep\/wp-content\/uploads\/2024\/05\/Exposicao-virtual-Guarani-Mbya.pdf\">Acesse aqui a exposi\u00e7\u00e3o Crian\u00e7as Guarani Mby\u00e1.<\/a><\/p>\n","protected":false},"excerpt":{"rendered":"Exposi\u00e7\u00e3o virtual realizada pelo Memorial da Educa\u00e7\u00e3o Municipal \u2013 MEM com a tem\u00e1tica Crian\u00e7as Guarani Mby\u00e1. A mostra \u00e9 composta [&hellip;]","protected":false},"author":1,"featured_media":1794,"comment_status":"closed","ping_status":"open","sticky":false,"template":"","format":"standard","meta":{"_acf_changed":false,"footnotes":""},"categories":[16],"tags":[],"class_list":["post-1791","post","type-post","status-publish","format-standard","has-post-thumbnail","hentry","category-exposicao-virtual"],"acf":[],"_links":{"self":[{"href":"https:\/\/educacao.sme.prefeitura.sp.gov.br\/cdep\/wp-json\/wp\/v2\/posts\/1791","targetHints":{"allow":["GET"]}}],"collection":[{"href":"https:\/\/educacao.sme.prefeitura.sp.gov.br\/cdep\/wp-json\/wp\/v2\/posts"}],"about":[{"href":"https:\/\/educacao.sme.prefeitura.sp.gov.br\/cdep\/wp-json\/wp\/v2\/types\/post"}],"author":[{"embeddable":true,"href":"https:\/\/educacao.sme.prefeitura.sp.gov.br\/cdep\/wp-json\/wp\/v2\/users\/1"}],"replies":[{"embeddable":true,"href":"https:\/\/educacao.sme.prefeitura.sp.gov.br\/cdep\/wp-json\/wp\/v2\/comments?post=1791"}],"version-history":[{"count":21,"href":"https:\/\/educacao.sme.prefeitura.sp.gov.br\/cdep\/wp-json\/wp\/v2\/posts\/1791\/revisions"}],"predecessor-version":[{"id":2008,"href":"https:\/\/educacao.sme.prefeitura.sp.gov.br\/cdep\/wp-json\/wp\/v2\/posts\/1791\/revisions\/2008"}],"wp:featuredmedia":[{"embeddable":true,"href":"https:\/\/educacao.sme.prefeitura.sp.gov.br\/cdep\/wp-json\/wp\/v2\/media\/1794"}],"wp:attachment":[{"href":"https:\/\/educacao.sme.prefeitura.sp.gov.br\/cdep\/wp-json\/wp\/v2\/media?parent=1791"}],"wp:term":[{"taxonomy":"category","embeddable":true,"href":"https:\/\/educacao.sme.prefeitura.sp.gov.br\/cdep\/wp-json\/wp\/v2\/categories?post=1791"},{"taxonomy":"post_tag","embeddable":true,"href":"https:\/\/educacao.sme.prefeitura.sp.gov.br\/cdep\/wp-json\/wp\/v2\/tags?post=1791"}],"curies":[{"name":"wp","href":"https:\/\/api.w.org\/{rel}","templated":true}]}}